{"id":1673,"date":"2024-09-24T03:56:00","date_gmt":"2024-09-24T03:56:00","guid":{"rendered":"https:\/\/www.luxurymarketreview.com\/?p=1673"},"modified":"2024-10-22T03:58:08","modified_gmt":"2024-10-22T03:58:08","slug":"urm-e-protur-apresentam-vernissage-o-fio-da-meada","status":"publish","type":"post","link":"https:\/\/www.luxurymarketreview.com\/de\/2024\/09\/24\/urm-e-protur-apresentam-vernissage-o-fio-da-meada\/","title":{"rendered":"URM e Protur apresentam: Vernissage \u201cO Fio da Meada\u201d"},"content":{"rendered":"<p>URM e Protur apresentam: Vernissage \u201eO Fio da Meada\u201c<\/p>\n\n\n\n<p>Bei der wiederkehrenden Ausstellung wurde der K\u00fcnstler Wanderley aus Caldas befragt und die Verbindung zwischen Kunst, Erinnerung und pers\u00f6nlichen Erz\u00e4hlungen erkundet. \u201eO Fio da Meada\u201c \u00fcberzeugte die Zuschauer mit einer Reihe von Geschichten, die ihm menschliches Erleben vermittelten<\/p>\n\n\n\n<p><\/p>\n\n\n\n<p><a href=\"https:\/\/api.whatsapp.com\/send?text=URM%20e%20Protour%20apresentam%3A%20Vernissage%20%22O%20Fio%20da%20Meada%22%20https%3A%2F%2Fportal.comunique-se.com.br%2F309101-urm-e-protour-apresentam-vernissage-o-fio-da-meada%2F%3F__hstc%3D174294461.02d968378a81904b5515be8c6febf099.1727830447298.1727868871144.1729360629250.3%26__hssc%3D174294461.9.1729360629250%26__hsfp%3D917993499\" target=\"_blank\" rel=\"noreferrer noopener\"><\/a><a href=\"https:\/\/www.facebook.com\/sharer\/sharer.php?u=https%3A%2F%2Fportal.comunique-se.com.br%2F309101-urm-e-protour-apresentam-vernissage-o-fio-da-meada%2F%3F__hstc%3D174294461.02d968378a81904b5515be8c6febf099.1727830447298.1727868871144.1729360629250.3%26__hssc%3D174294461.9.1729360629250%26__hsfp%3D917993499\" target=\"_blank\" rel=\"noreferrer noopener\"><\/a><a href=\"https:\/\/mail.google.com\/mail\/?ui=2&amp;view=cm&amp;fs=1&amp;tf=1&amp;su=URM%20e%20Protour%20apresentam%3A%20Vernissage%20%22O%20Fio%20da%20Meada%22&amp;body=Link:https%3A%2F%2Fportal.comunique-se.com.br%2F309101-urm-e-protour-apresentam-vernissage-o-fio-da-meada%2F%3F__hstc%3D174294461.02d968378a81904b5515be8c6febf099.1727830447298.1727868871144.1729360629250.3%26__hssc%3D174294461.9.1729360629250%26__hsfp%3D917993499\" target=\"_blank\" rel=\"noreferrer noopener\"><\/a><a href=\"https:\/\/telegram.me\/share\/url?url=https%3A%2F%2Fportal.comunique-se.com.br%2F309101-urm-e-protour-apresentam-vernissage-o-fio-da-meada%2F%3F__hstc%3D174294461.02d968378a81904b5515be8c6febf099.1727830447298.1727868871144.1729360629250.3%26__hssc%3D174294461.9.1729360629250%26__hsfp%3D917993499&amp;text=URM%20e%20Protour%20apresentam%3A%20Vernissage%20%22O%20Fio%20da%20Meada%22\" target=\"_blank\" rel=\"noreferrer noopener\"><\/a><a href=\"https:\/\/www.linkedin.com\/sharing\/share-offsite\/?url=https%3A%2F%2Fportal.comunique-se.com.br%2F309101-urm-e-protour-apresentam-vernissage-o-fio-da-meada%2F%3F__hstc%3D174294461.02d968378a81904b5515be8c6febf099.1727830447298.1727868871144.1729360629250.3%26__hssc%3D174294461.9.1729360629250%26__hsfp%3D917993499\" target=\"_blank\" rel=\"noreferrer noopener\"><\/a><a href=\"http:\/\/twitter.com\/intent\/tweet?text=URM%20e%20Protour%20apresentam%3A%20Vernissage%20%22O%20Fio%20da%20Meada%22&amp;url=https%3A%2F%2Fportal.comunique-se.com.br%2F309101-urm-e-protour-apresentam-vernissage-o-fio-da-meada%2F%3F__hstc%3D174294461.02d968378a81904b5515be8c6febf099.1727830447298.1727868871144.1729360629250.3%26__hssc%3D174294461.9.1729360629250%26__hsfp%3D917993499\" target=\"_blank\" rel=\"noreferrer noopener\"><\/a><a href=\"https:\/\/portal.comunique-se.com.br\/309101-urm-e-protour-apresentam-vernissage-o-fio-da-meada\/?__hstc=174294461.02d968378a81904b5515be8c6febf099.1727830447298.1727868871144.1729360629250.3&amp;__hssc=174294461.9.1729360629250&amp;__hsfp=917993499\"><\/a><a href=\"https:\/\/portal.comunique-se.com.br\/309101-urm-e-protour-apresentam-vernissage-o-fio-da-meada\/?__hstc=174294461.02d968378a81904b5515be8c6febf099.1727830447298.1727868871144.1729360629250.3&#038;__hssc=174294461.9.1729360629250&#038;__hsfp=917993499\"><\/a>Ein URM | Die in der Hauptstadt S\u00e3o Paulo gelegene Faculdade Roberto Miranda versammelte Studenten, Professoren, K\u00fcnstler, Influencer und Unternehmer f\u00fcr die Vernissage der Ausstellung \u201eO Fio da Meada\u201c, die am 10. September mit einem Begr\u00fc\u00dfungsgetr\u00e4nk um 18 Uhr begann.\u00a0<\/p>\n\n\n\n<p>Die Ausstellung wurde erneut dem K\u00fcnstler Wanderley Bosque gewidmet und erforschte die Verbindung zwischen Kunst, Erinnerung und pers\u00f6nlichen Erz\u00e4hlungen. \u201eO Fio da Meada\u201c \u00fcberzeugte die Zuschauer mit einer Reihe von Geschichten, die ihm menschliches Erleben vermittelten.<\/p>\n\n\n\n<p><strong>Destaques da Exposi\u00e7\u00e3o:<\/strong><\/p>\n\n\n\n<p>Diese Vernissage wurde in Zusammenarbeit mit URM realisiert Faculdade Roberto Miranda und Sociedade Brasileira de Apoio f\u00fcr Tourismus, Hotellerie und Gastronomie \u2013 Protur, die Kunst und Kultur f\u00fcr ein \u00f6ffentliches, heterogenes und umfassendes Erlebnis f\u00f6rdert, nutzt eine App. Die Audiobeschreibung des Ger\u00e4ts mit der Technologie \u201eAudioguide.app\u201c erm\u00f6glicht es Ihnen, sich in der Bildung und im k\u00fcnstlerischen Ausdruck zurechtzufinden.<\/p>\n\n\n\n<ul class=\"wp-block-list\">\n<li><strong>Artistas em Foco:<\/strong>\u00a0Nat\u00fcrliche Umgebung von der Stadt Gar\u00e7a, dem Landesinneren von S\u00e3o Paulo, Wanderley von Cedo aus, die zwischen Cotidiano und Arte miteinander verbunden sind. Mit einer Karriere, die vor 12 Jahren f\u00fcr Kinder und Jugendliche begann, widmete er sich seinem Tempo, indem er Malb\u00fccher f\u00fcr Erwachsene bereitstellte, und bot ihnen Gelegenheiten f\u00fcr ihre verzweifelten k\u00fcnstlerischen Talente und schluchzte in ihrer Orientierung. Wanderley dr\u00fcckte seine Werke aus zeitgen\u00f6ssischer und traditioneller Technik, seiner Sicht auf menschliche Gef\u00fchle und der Komplexit\u00e4t seines modernen Lebens aus. Es besteht die M\u00f6glichkeit, dass Sie in Ihrem Unternehmen Exponate an renovierten Standorten wie MASP und Nova York ausstellen.<\/li>\n\n\n\n<li><strong>Obras em Exibi\u00e7\u00e3o:<\/strong>\u00a0Da sich die Menschen mit der Malerei und dem Bord verbunden f\u00fchlen, gibt es viele Dinge, die Erinnerungsverm\u00f6gen, Natur und menschliche Beziehungen umfassen, und der Vorschlag, den Betrachter dazu zu bringen, reflexartig nicht auf die unendlichen M\u00f6glichkeiten der Begegnungen zu blicken und die beiden Farben oder das Ziel zu studieren Jeder Ponto Bordado.<\/li>\n\n\n\n<li><strong>Programa\u00e7\u00e3o:<\/strong><\/li>\n<\/ul>\n\n\n\n<ul class=\"wp-block-list\">\n<li><strong>Als Dauerausstellung vom 10. Dezember bis zum 15. Dezember 2024.<\/strong><\/li>\n\n\n\n<li><strong>Uhrzeit:<\/strong>\u00a0In der zweiten Woche um 09:00 Uhr bis 23:00 Uhr<\/li>\n\n\n\n<li><strong>Lokal:<\/strong>URM | Faculdade Roberto Miranda \u2013 Avenida Paulista, 1009 \u2013 21\u00ba Andar<\/li>\n\n\n\n<li><strong>Eintritt frei<\/strong><\/li>\n<\/ul>\n\n\n\n<p><strong>Networking e Conex\u00f5es:<\/strong>&nbsp;Die Veranstaltung bietet eine Gelegenheit f\u00fcr Studenten und Professoren, sich mit Fachleuten aus der Kunst und der Welt der Verhandlungen zu verbinden, f\u00f6rdert Trocas Valiosas und neue Kooperationen, insbesondere nicht im Zusammenhang mit den Initiativen von URM und Protur.<\/p>","protected":false},"excerpt":{"rendered":"<p>URM e Protur apresentam: Vernissage &#8220;O Fio da Meada&#8221; A exposi\u00e7\u00e3o re\u00fane obras do artista Wanderley Bosqu\u00ea de Caldas, explorando a interconex\u00e3o entre arte, mem\u00f3ria e narrativas pessoais. \u201cO Fio da Meada\u201d convida os espectadores a desvendarem as hist\u00f3rias entrela\u00e7adas que formam a rica tape\u00e7aria da experi\u00eancia humana A URM | Faculdade Roberto Miranda, situada [&hellip;]<\/p>","protected":false},"author":14,"featured_media":1675,"comment_status":"open","ping_status":"open","sticky":false,"template":"","format":"standard","meta":{"footnotes":""},"categories":[1],"tags":[],"class_list":{"0":"post-1673","1":"post","2":"type-post","3":"status-publish","4":"format-standard","5":"has-post-thumbnail","7":"category-uncategorized"},"_links":{"self":[{"href":"https:\/\/www.luxurymarketreview.com\/de\/wp-json\/wp\/v2\/posts\/1673","targetHints":{"allow":["GET"]}}],"collection":[{"href":"https:\/\/www.luxurymarketreview.com\/de\/wp-json\/wp\/v2\/posts"}],"about":[{"href":"https:\/\/www.luxurymarketreview.com\/de\/wp-json\/wp\/v2\/types\/post"}],"author":[{"embeddable":true,"href":"https:\/\/www.luxurymarketreview.com\/de\/wp-json\/wp\/v2\/users\/14"}],"replies":[{"embeddable":true,"href":"https:\/\/www.luxurymarketreview.com\/de\/wp-json\/wp\/v2\/comments?post=1673"}],"version-history":[{"count":1,"href":"https:\/\/www.luxurymarketreview.com\/de\/wp-json\/wp\/v2\/posts\/1673\/revisions"}],"predecessor-version":[{"id":1674,"href":"https:\/\/www.luxurymarketreview.com\/de\/wp-json\/wp\/v2\/posts\/1673\/revisions\/1674"}],"wp:featuredmedia":[{"embeddable":true,"href":"https:\/\/www.luxurymarketreview.com\/de\/wp-json\/wp\/v2\/media\/1675"}],"wp:attachment":[{"href":"https:\/\/www.luxurymarketreview.com\/de\/wp-json\/wp\/v2\/media?parent=1673"}],"wp:term":[{"taxonomy":"category","embeddable":true,"href":"https:\/\/www.luxurymarketreview.com\/de\/wp-json\/wp\/v2\/categories?post=1673"},{"taxonomy":"post_tag","embeddable":true,"href":"https:\/\/www.luxurymarketreview.com\/de\/wp-json\/wp\/v2\/tags?post=1673"}],"curies":[{"name":"wp","href":"https:\/\/api.w.org\/{rel}","templated":true}]}}